{"id":2228,"date":"2020-03-25T15:08:47","date_gmt":"2020-03-25T14:08:47","guid":{"rendered":"https:\/\/www.jennifer-laessig.de\/?p=2228"},"modified":"2020-03-29T21:51:06","modified_gmt":"2020-03-29T19:51:06","slug":"corona-koller","status":"publish","type":"post","link":"https:\/\/www.jennifer-laessig.de\/?p=2228","title":{"rendered":"Corona &#8211; Lager &#8211; Koller&#8230;"},"content":{"rendered":"\t\t<div data-elementor-type=\"wp-post\" data-elementor-id=\"2228\" class=\"elementor elementor-2228\">\n\t\t\t\t\t\t<section class=\"elementor-section elementor-top-section elementor-element elementor-element-eec3339 elementor-section-boxed elementor-section-height-default elementor-section-height-default\" data-id=\"eec3339\" data-element_type=\"section\">\n\t\t\t\t\t\t<div class=\"elementor-container elementor-column-gap-default\">\n\t\t\t\t\t<div class=\"elementor-column elementor-col-100 elementor-top-column elementor-element elementor-element-fd53e53\" data-id=\"fd53e53\" data-element_type=\"column\">\n\t\t\t<div class=\"elementor-widget-wrap elementor-element-populated\">\n\t\t\t\t\t\t<div class=\"elementor-element elementor-element-ffb1e7a elementor-widget elementor-widget-heading\" data-id=\"ffb1e7a\" data-element_type=\"widget\" data-widget_type=\"heading.default\">\n\t\t\t\t<div class=\"elementor-widget-container\">\n\t\t\t<h2 class=\"elementor-heading-title elementor-size-default\">Corona - Lager - Koller ....<\/h2>\t\t<\/div>\n\t\t\t\t<\/div>\n\t\t\t\t<div class=\"elementor-element elementor-element-3ef84ef elementor-widget elementor-widget-text-editor\" data-id=\"3ef84ef\" data-element_type=\"widget\" data-widget_type=\"text-editor.default\">\n\t\t\t\t<div class=\"elementor-widget-container\">\n\t\t\t\t\t\t\t<p style=\"text-align: left;\">Die ganze Corona-Sache ist doch eigentlich gar nicht mal so schlecht, oder?<\/p><p>Zumindest aus der Sicht unserer Vierbeiner, den beiden Katzen Xerxia und Kira sowie Hund Ares.<\/p><p>Frauchen ist kaum noch auf Au\u00dfenterminen oder besser gesagt gar nicht mehr&#8230;<\/p><p>Und Herrchen, der macht Home-Office mitten im Wohnzimmer!<\/p><p>Was will das kuschelbed\u00fcrftige und &#8220;dauer-aufmerksam-gierige&#8221; Katzenherz mehr?<\/p><p>Und der Hund, der f\u00fchlt sich erst so richtig pudelwohl, wenn er gar nicht mehr allein bleiben muss&#8230;<\/p><p style=\"text-align: center;\">Oder etwa nicht?<\/p><p style=\"text-align: left;\">Nein, nach nur einer Woche ist bei Ares der<strong> &#8220;Corona-Lager-Koller&#8221;<\/strong> ausgebrochen!<\/p><p style=\"text-align: left;\">Spazierg\u00e4nge hin oder her, aber was ist mit den geliebten vierr\u00e4drigen Ausfl\u00fcgen?<\/p><p style=\"text-align: left;\">Gemeinsam den Rausch der Geschwindigkeit sp\u00fcren, gr\u00fcne Wiesen, den Main, die Asphaltdecken vorbei zischen lassen?<\/p><p style=\"text-align: center;\">Nur eine Fahrt in dieser Woche? =&gt; Nicht Ohne Ares!<\/p><p style=\"text-align: left;\">Der \u00dcbernahm mal kurzerhand das Steuer und gab sich dann doch noch als &#8220;K\u00f6nig der R\u00fcckband&#8221; recht zufrieden&#8230;<\/p>\t\t\t\t\t\t<\/div>\n\t\t\t\t<\/div>\n\t\t\t\t\t<\/div>\n\t\t<\/div>\n\t\t\t\t\t<\/div>\n\t\t<\/section>\n\t\t\t\t<section class=\"elementor-section elementor-top-section elementor-element elementor-element-309a835 elementor-section-boxed elementor-section-height-default elementor-section-height-default\" data-id=\"309a835\" data-element_type=\"section\">\n\t\t\t\t\t\t<div class=\"elementor-container elementor-column-gap-default\">\n\t\t\t\t\t<div class=\"elementor-column elementor-col-100 elementor-top-column elementor-element elementor-element-859ae1f\" data-id=\"859ae1f\" data-element_type=\"column\">\n\t\t\t<div class=\"elementor-widget-wrap elementor-element-populated\">\n\t\t\t\t\t\t<div class=\"elementor-element elementor-element-a1e5b77 elementor-arrows-position-inside elementor-pagination-position-outside elementor-widget elementor-widget-image-carousel\" data-id=\"a1e5b77\" data-element_type=\"widget\" data-settings=\"{&quot;navigation&quot;:&quot;both&quot;,&quot;autoplay&quot;:&quot;yes&quot;,&quot;pause_on_hover&quot;:&quot;yes&quot;,&quot;pause_on_interaction&quot;:&quot;yes&quot;,&quot;autoplay_speed&quot;:5000,&quot;infinite&quot;:&quot;yes&quot;,&quot;speed&quot;:500}\" data-widget_type=\"image-carousel.default\">\n\t\t\t\t<div class=\"elementor-widget-container\">\n\t\t\t\t\t<div class=\"elementor-image-carousel-wrapper swiper\" dir=\"ltr\">\n\t\t\t<div class=\"elementor-image-carousel swiper-wrapper\" aria-live=\"off\">\n\t\t\t\t\t\t\t\t<div class=\"swiper-slide\" role=\"group\" aria-roledescription=\"slide\" aria-label=\"1 von 3\"><a data-elementor-open-lightbox=\"yes\" data-elementor-lightbox-slideshow=\"a1e5b77\" data-elementor-lightbox-title=\"Ares im Corona-Lager-Koller-Modus\" data-e-action-hash=\"#elementor-action%3Aaction%3Dlightbox%26settings%3DeyJpZCI6MjIzMywidXJsIjoiaHR0cHM6XC9cL3d3dy5qZW5uaWZlci1sYWVzc2lnLmRlXC93cC1jb250ZW50XC91cGxvYWRzXC8yMDE5XC8xMFwvQ29yb25hLUtvbGxlci1zY2FsZWQuanBnIiwic2xpZGVzaG93IjoiYTFlNWI3NyJ9\" href=\"https:\/\/www.jennifer-laessig.de\/wp-content\/uploads\/2019\/10\/Corona-Koller-scaled.jpg\"><figure class=\"swiper-slide-inner\"><img decoding=\"async\" class=\"swiper-slide-image\" src=\"https:\/\/www.jennifer-laessig.de\/wp-content\/uploads\/2019\/10\/Corona-Koller-150x150.jpg\" alt=\"Ares im Corona-Lager-Koller-Modus\" \/><\/figure><\/a><\/div><div class=\"swiper-slide\" role=\"group\" aria-roledescription=\"slide\" aria-label=\"2 von 3\"><a data-elementor-open-lightbox=\"yes\" data-elementor-lightbox-slideshow=\"a1e5b77\" data-elementor-lightbox-title=\"Der &quot;K\u00f6nig&quot; der R\u00fcckbank...\" data-e-action-hash=\"#elementor-action%3Aaction%3Dlightbox%26settings%3DeyJpZCI6MjIzNSwidXJsIjoiaHR0cHM6XC9cL3d3dy5qZW5uaWZlci1sYWVzc2lnLmRlXC93cC1jb250ZW50XC91cGxvYWRzXC8yMDE5XC8xMFwvSU1HXzIwMjAwMzI0XzE0MTc0NS1zY2FsZWQuanBnIiwic2xpZGVzaG93IjoiYTFlNWI3NyJ9\" href=\"https:\/\/www.jennifer-laessig.de\/wp-content\/uploads\/2019\/10\/IMG_20200324_141745-scaled.jpg\"><figure class=\"swiper-slide-inner\"><img decoding=\"async\" class=\"swiper-slide-image\" src=\"https:\/\/www.jennifer-laessig.de\/wp-content\/uploads\/2019\/10\/IMG_20200324_141745-150x150.jpg\" alt=\"Der &quot;K\u00f6nig&quot; der R\u00fcckbank...\" \/><\/figure><\/a><\/div><div class=\"swiper-slide\" role=\"group\" aria-roledescription=\"slide\" aria-label=\"3 von 3\"><a data-elementor-open-lightbox=\"yes\" data-elementor-lightbox-slideshow=\"a1e5b77\" data-elementor-lightbox-title=\"&quot;Wann geht&#039;s los?&quot;\" data-e-action-hash=\"#elementor-action%3Aaction%3Dlightbox%26settings%3DeyJpZCI6MjIzNCwidXJsIjoiaHR0cHM6XC9cL3d3dy5qZW5uaWZlci1sYWVzc2lnLmRlXC93cC1jb250ZW50XC91cGxvYWRzXC8yMDE5XC8xMFwvSU1HXzIwMjAwMzI0XzEzMjIxNy1zY2FsZWQuanBnIiwic2xpZGVzaG93IjoiYTFlNWI3NyJ9\" href=\"https:\/\/www.jennifer-laessig.de\/wp-content\/uploads\/2019\/10\/IMG_20200324_132217-scaled.jpg\"><figure class=\"swiper-slide-inner\"><img decoding=\"async\" class=\"swiper-slide-image\" src=\"https:\/\/www.jennifer-laessig.de\/wp-content\/uploads\/2019\/10\/IMG_20200324_132217-150x150.jpg\" alt=\"&quot;Wann geht&#039;s los?&quot;\" \/><\/figure><\/a><\/div>\t\t\t<\/div>\n\t\t\t\t\t\t\t\t\t\t\t\t<div class=\"elementor-swiper-button elementor-swiper-button-prev\" role=\"button\" tabindex=\"0\">\n\t\t\t\t\t\t<i aria-hidden=\"true\" class=\"eicon-chevron-left\"><\/i>\t\t\t\t\t<\/div>\n\t\t\t\t\t<div class=\"elementor-swiper-button elementor-swiper-button-next\" role=\"button\" tabindex=\"0\">\n\t\t\t\t\t\t<i aria-hidden=\"true\" class=\"eicon-chevron-right\"><\/i>\t\t\t\t\t<\/div>\n\t\t\t\t\n\t\t\t\t\t\t\t\t\t<div class=\"swiper-pagination\"><\/div>\n\t\t\t\t\t\t\t\t\t<\/div>\n\t\t\t\t<\/div>\n\t\t\t\t<\/div>\n\t\t\t\t\t<\/div>\n\t\t<\/div>\n\t\t\t\t\t<\/div>\n\t\t<\/section>\n\t\t\t\t<section class=\"elementor-section elementor-top-section elementor-element elementor-element-00ff397 elementor-section-boxed elementor-section-height-default elementor-section-height-default\" data-id=\"00ff397\" data-element_type=\"section\">\n\t\t\t\t\t\t<div class=\"elementor-container elementor-column-gap-default\">\n\t\t\t\t\t<div class=\"elementor-column elementor-col-100 elementor-top-column elementor-element elementor-element-80cb662\" data-id=\"80cb662\" data-element_type=\"column\">\n\t\t\t<div class=\"elementor-widget-wrap elementor-element-populated\">\n\t\t\t\t\t\t<div class=\"elementor-element elementor-element-bff297c elementor-position-top elementor-widget elementor-widget-image-box\" data-id=\"bff297c\" data-element_type=\"widget\" data-widget_type=\"image-box.default\">\n\t\t\t\t<div class=\"elementor-widget-container\">\n\t\t\t<div class=\"elementor-image-box-wrapper\"><figure class=\"elementor-image-box-img\"><img fetchpriority=\"high\" decoding=\"async\" width=\"1440\" height=\"2560\" src=\"https:\/\/www.jennifer-laessig.de\/wp-content\/uploads\/2019\/10\/Corona-Koller-scaled.jpg\" class=\"attachment-full size-full wp-image-2233\" alt=\"\" srcset=\"https:\/\/www.jennifer-laessig.de\/wp-content\/uploads\/2019\/10\/Corona-Koller-scaled.jpg 1440w, https:\/\/www.jennifer-laessig.de\/wp-content\/uploads\/2019\/10\/Corona-Koller-600x1067.jpg 600w, https:\/\/www.jennifer-laessig.de\/wp-content\/uploads\/2019\/10\/Corona-Koller-169x300.jpg 169w, https:\/\/www.jennifer-laessig.de\/wp-content\/uploads\/2019\/10\/Corona-Koller-576x1024.jpg 576w, https:\/\/www.jennifer-laessig.de\/wp-content\/uploads\/2019\/10\/Corona-Koller-768x1365.jpg 768w, https:\/\/www.jennifer-laessig.de\/wp-content\/uploads\/2019\/10\/Corona-Koller-864x1536.jpg 864w, https:\/\/www.jennifer-laessig.de\/wp-content\/uploads\/2019\/10\/Corona-Koller-1152x2048.jpg 1152w\" sizes=\"(max-width: 1440px) 100vw, 1440px\" \/><\/figure><div class=\"elementor-image-box-content\"><h3 class=\"elementor-image-box-title\">Ares im gestrigen Corona-Lager-Koller-Modus...<\/h3><p class=\"elementor-image-box-description\">Harte Zeiten erfordern ungew\u00f6hnliche Ma\u00dfnahmen... Zumindest aus Hundesicht \ud83d\ude09<\/p><\/div><\/div>\t\t<\/div>\n\t\t\t\t<\/div>\n\t\t\t\t\t<\/div>\n\t\t<\/div>\n\t\t\t\t\t<\/div>\n\t\t<\/section>\n\t\t\t\t<\/div>\n\t\t","protected":false},"excerpt":{"rendered":"<p>Corona &#8211; Lager &#8211; Koller &#8230;. Die ganze Corona-Sache ist doch eigentlich gar nicht mal so schlecht, oder? Zumindest aus der Sicht unserer Vierbeiner, den beiden Katzen Xerxia und Kira sowie Hund Ares. Frauchen ist kaum noch auf Au\u00dfenterminen oder besser gesagt gar nicht mehr&#8230; Und Herrchen, der macht Home-Office [&hellip;]<\/p>\n","protected":false},"author":1,"featured_media":2234,"comment_status":"open","ping_status":"open","sticky":false,"template":"","format":"standard","meta":{"footnotes":""},"categories":[27,28],"tags":[],"class_list":["post-2228","post","type-post","status-publish","format-standard","has-post-thumbnail","hentry","category-corona","category-laessiges-tierisches-tagebuch"],"_links":{"self":[{"href":"https:\/\/www.jennifer-laessig.de\/index.php?rest_route=\/wp\/v2\/posts\/2228"}],"collection":[{"href":"https:\/\/www.jennifer-laessig.de\/index.php?rest_route=\/wp\/v2\/posts"}],"about":[{"href":"https:\/\/www.jennifer-laessig.de\/index.php?rest_route=\/wp\/v2\/types\/post"}],"author":[{"embeddable":true,"href":"https:\/\/www.jennifer-laessig.de\/index.php?rest_route=\/wp\/v2\/users\/1"}],"replies":[{"embeddable":true,"href":"https:\/\/www.jennifer-laessig.de\/index.php?rest_route=%2Fwp%2Fv2%2Fcomments&post=2228"}],"version-history":[{"count":9,"href":"https:\/\/www.jennifer-laessig.de\/index.php?rest_route=\/wp\/v2\/posts\/2228\/revisions"}],"predecessor-version":[{"id":2353,"href":"https:\/\/www.jennifer-laessig.de\/index.php?rest_route=\/wp\/v2\/posts\/2228\/revisions\/2353"}],"wp:featuredmedia":[{"embeddable":true,"href":"https:\/\/www.jennifer-laessig.de\/index.php?rest_route=\/wp\/v2\/media\/2234"}],"wp:attachment":[{"href":"https:\/\/www.jennifer-laessig.de\/index.php?rest_route=%2Fwp%2Fv2%2Fmedia&parent=2228"}],"wp:term":[{"taxonomy":"category","embeddable":true,"href":"https:\/\/www.jennifer-laessig.de\/index.php?rest_route=%2Fwp%2Fv2%2Fcategories&post=2228"},{"taxonomy":"post_tag","embeddable":true,"href":"https:\/\/www.jennifer-laessig.de\/index.php?rest_route=%2Fwp%2Fv2%2Ftags&post=2228"}],"curies":[{"name":"wp","href":"https:\/\/api.w.org\/{rel}","templated":true}]}}